{"id":3194,"date":"2020-05-18T20:53:09","date_gmt":"2020-05-18T18:53:09","guid":{"rendered":"https:\/\/labiennale.art.pl\/?p=3194\/"},"modified":"2022-01-17T19:40:55","modified_gmt":"2022-01-17T18:40:55","slug":"onlinemeetings","status":"publish","type":"post","link":"https:\/\/labiennale.art.pl\/en\/onlinemeetings\/","title":{"rendered":"Trouble in Paradise \u2013 online meetings"},"content":{"rendered":"<p>&nbsp;<\/p>\n<p>A series of online meetings and panels accompanying the exhibition in the Polish Pavilion at the 17th International Architecture Exhibition in Venice, the opening of which was postponed from May to\u00a0next year in connection with the COVID-19 pandemic. The starting point for the events was the question <em>How will we live together?<\/em> \u2013 the main theme of the upcoming Biennale Architettura.<\/p>\n<p>\u2018We need a new spatial contract. In the context of widening political divides and growing economic inequalities, we call on architects to imagine spaces in which we can generously live <em>together<\/em>: <em>together<\/em> as human beings who, despite our increasing individuality, yearn to connect with one another and with other species across digital and real space; <em>together<\/em> as new households looking for more diverse and dignified spaces for inhabitation; <em>together<\/em> as emerging communities that demand equity, inclusion, and spatial identity; . . . and <em>together<\/em> as a planet facing crises that require global action for us to continue living at all\u2019 \u2013 fragment of the statement by Hashim Sarkis, curator of the 17th International Architecture Exhibition.<\/p>\n<p>&nbsp;<\/p>\n<hr \/>\n<p><strong><em>Trouble in Paradise<br \/>\n<\/em><\/strong>21 May, Thursday, 5 p.m., Zach\u0119ta Facebook page<br \/>\n<span style=\"color: #333399;\">Meeting in Polish<\/span><\/p>\n<p>On the day of the originally planned inauguration of <em>Trouble in Paradise<\/em> in the Polish Pavilion at the Biennale Architettura 2020, we invite you to a meeting with the exhibition curators: <strong><a href=\"http:\/\/prlg.pl\/\" target=\"_blank\" rel=\"noopener noreferrer\">PROLOG +1<\/a> <\/strong>(Mirabela Jurczenko, Bartosz Kowal, Wojciech Mazan, Bart\u0142omiej Poteralski, Rafa\u0142 \u015aliwa and Robert Witczak). Host: <strong>Hanna Wr\u00f3blewska<\/strong>, Commissioner of the Polish Pavilion, and <strong>Micha\u0142 Duda<\/strong>, Museum of Architecture in Wroc\u0142aw.<\/p>\n<p>The <em>Trouble in Paradise<\/em> exhibition treats the countryside as an independent area of research and seeks within it for answers to the main theme of the Biennale Architettura 2020: <em>How will we live together?\u00a0<\/em>The authors of the project claim that in times of growing local and global crises, rural areas are an important element of building sustainable human environments.<\/p>\n<p><strong><em>\u00a0<\/em><\/strong><\/p>\n<hr \/>\n<p><strong><em>What is the purpose of exhibitions of architecture? Development of architecture and critical thought.<\/em><br \/>\n<\/strong>27 May, Wednesday, 5 p.m., Zach\u0119ta Facebook page<br \/>\nPanel organiser: <a href=\"https:\/\/architektura.muratorplus.pl\/\" target=\"_blank\" rel=\"noopener noreferrer\"><em>Architektura-murator<\/em> <\/a><br \/>\n<span style=\"color: #333399;\"><a style=\"color: #333399;\" href=\"https:\/\/www.youtube.com\/watch?v=kifGyBLG43E&amp;t=51s\" target=\"_blank\" rel=\"noopener noreferrer\">Watch the panel<\/a>\u00a0(Panel in English)<br \/>\n<\/span><\/p>\n<p>Every important architectural exhibition allows visitors not only to get acquainted with the current problems of contemporary architecture, but also to look into the future. However, the pandemic has made many of even the latest visions fade away in a month or two. What questions have become relevant? What new tasks and challenges have arisen for architecture?\u00a0The panellists will discuss new challenges for architecture, the Biennale Architettura 2020 in the face of the pandemic and the role of architectural exhibitions in shaping architects\u2019 attitudes. Can international architecture exhibitions really be an architectural seismograph?<\/p>\n<p>Hosts: <strong>Ewa P. Por\u0119bska<\/strong>, editor-in-chief of <em>Architektura-murator<\/em> magazine, and <strong>Marcin Szczelina<\/strong>, architecture critic and curator (<em>Architecture Snob<\/em>)<\/p>\n<p>Panel guests:<br \/>\n<strong>Aaron Betsky<\/strong>, curator, critic, rector of the School of Architecture at Taliesin (USA)<br \/>\n<strong>David Basulto<\/strong>, editor-in-chief and founder of <em>ArchDaily<\/em>, the world\u2019s leading architectural online platform (based in Chile)<br \/>\n<strong>Ole Bouman<\/strong>, curator, publicist, critic, currently Director of Design Society Shenzhen (China)<br \/>\n<strong>Juulia Kauste<\/strong>, historian and curator of architecture, former long-time director of Arkkitehtuurimuseo \/ Museum of Finnish Architecture, now an independent expert<\/p>\n<p>&nbsp;<\/p>\n<hr \/>\n<p><strong><em>The Countryside In a Time of Climate Disaster. Food production, supply chains, role of the state, relationship with the land, the countryside as a place of residence<br \/>\n<\/em><\/strong>28 May, Thursday, 5 p.m., Zach\u0119ta Facebook page<br \/>\nPanel organiser: <a href=\"https:\/\/autoportret.pl\/en\/\" target=\"_blank\" rel=\"noopener noreferrer\"><em>Autoportret<br \/>\n<\/em><\/a><span style=\"color: #333399;\">Panel in\u00a0Polish<\/span><\/p>\n<p>What are the most important trends shaping today\u2019s countryside on a global and local scale? In the 21st century \u2013 the era of industrial food production (\u2018food as the oil of the future\u2019) \u2014 the countryside is becoming a place of industrial production on a huge scale. What impact does this have on the transformation of rural areas? How do these transformations affect social change? What entities become owners of land in rural areas? What happens to individual farmers? In the discussion we will address the effects of rural industrialisation in the context of the climate crisis. We will consider how the modern functioning of the countryside affects the emission of greenhouse gases (food production, global transport, loss of biodiversity, mass animal husbandry in giant farms, etc.). As part of the food production and pandemic issues, we will analyse modern food supply chains and the possibilities of shortening them.<\/p>\n<p>Hosts: <strong>Marta Karpi\u0144ska<\/strong> and <strong>Dorota Le\u015bniak-Rychlak<\/strong>, editors of <em>Autoportret<\/em> magazine<\/p>\n<p>Panel guests:<br \/>\ndr hab. <strong>Piotr Nowak<\/strong>, professor at the Institute of Sociology of the Jagiellonian University, conducts research on rural development and agricultural policy<br \/>\n<strong>Magdalena Zych<\/strong>, cultural anthropologist, coordinator of research projects at the Seweryn Udziela Ethnographic Museum in Krakow<br \/>\n<strong>Pawe\u0142 Ha\u0142at<\/strong>, a PhD student at the Institute of Public Affairs of the Jagiellonian University, President of the Krakow Przestrze\u0144-Ludzie-Miasto [Space-People-City] association, deals with the development of regional strategies<br \/>\n<strong>Jan Czaja<\/strong>, leader of the local community in the Tarn\u00f3w district, among others the initiator of the <span style=\"color: #000000;\"><a style=\"color: #000000;\" href=\"http:\/\/www.paczkaodrolnika.pl\" target=\"_blank\" rel=\"noopener noreferrer\"><em>Paczka od rolnika<\/em><\/a> <\/span>[Package from a farmer] project, runs an agricultural farm<\/p>\n<p>&nbsp;<\/p>\n<hr \/>\n<p><strong><em>Exurbanites, or About New Rural Residents<br \/>\n<\/em><\/strong>29 May, Friday, 5 p.m., Zach\u0119ta Facebook page<br \/>\nPanel organiser: <em><a href=\"http:\/\/www.kwartalnikrzut.pl\/\" target=\"_blank\" rel=\"noopener noreferrer\">RZUT<\/a><br \/>\n<\/em><span style=\"color: #333399;\">Panel in\u00a0Polish<\/span><em><br \/>\n<\/em><\/p>\n<p>The starting point for the discussion will be the tensions between new arrivals and locals, which became apparent during the ongoing pandemic, when a wave of city dwellers flooded the countryside, causing anxiety among local communities. The escape of the urban middle class into the countryside is no longer a marginal phenomenon, but a process defined and analysed by sociologists. The participants of the discussion will try to answer the following questions: are fugitives from the city colonisers, do they gentrify the village, and how does this affect its identity? What is contemporary <em>ch\u0142opomania<\/em> [the intelligentsia\u2019s fascination with, and interest in, the peasantry] and can architects offer the countryside a new identity?<\/p>\n<p>Hosts: <strong>Milena Trzci\u0144ska<\/strong> and <strong>\u0141ukasz St\u0119pnik<\/strong>, editors of the <em>RZUT<\/em> quarterly<\/p>\n<p>Panel guests:<br \/>\n<strong>Krzysztof Janas<\/strong> and <strong>Jan Szeliga<\/strong>, the authors of the work <em>Wie\u015bland<\/em> awarded by the Stefan Kury\u0142owicz Foundation<br \/>\n<strong>Agnieszka Paj\u0105czkowska<\/strong>, culture expert, creator of photographic, cultural and educational projects<br \/>\ndr <strong>Ruta \u015apiewak<\/strong>, Institute of Rural and Agricultural Development of the Polish Academy of Sciences<br \/>\ndr hab. <strong>Marcin W\u00f3jcik<\/strong>, Director of the Institute of Socio-Economic Geography and Space Organisation at the Faculty of Geographical Sciences, University of \u0141\u00f3d\u017a<\/p>\n<p>&nbsp;<\/p>\n<hr \/>\n<p><strong>Trouble in Paradise \u2013 online meetings<br \/>\n<\/strong>21, 27-29\u00a0May 2020<br \/>\n<a href=\"https:\/\/www.facebook.com\/zacheta\/\" target=\"_blank\" rel=\"noopener noreferrer\">Zach\u0119ta Facebook page<\/a><\/p>\n<p>A series of online meetings and panels accompanying the exhibition in the Polish Pavilion at the 17th International Architecture Exhibition in Venice<\/p>\n<p>Online meetings organised by\u00a0Zach\u0119ta \u2013 National Gallery of Art in collaboration with\u00a0\u201e<a href=\"https:\/\/architektura.muratorplus.pl\/\" target=\"_blank\" rel=\"noopener noreferrer\">Architektura-murator<\/a>\u201d, \u201e<a href=\"https:\/\/autoportret.pl\/\" target=\"_blank\" rel=\"noopener noreferrer\">Autoportret<\/a>\u201d, \u201e<a href=\"http:\/\/www.kwartalnikrzut.pl\/\" target=\"_blank\" rel=\"noopener noreferrer\">RZUT<\/a>\u201d<\/p>\n<p>&nbsp;<\/p>\n<p>Illustration<br \/>\ngraphic design: zesp\u00f3\u0142 wesp\u00f3\u0142, photo: Pawe\u0142 Starzec<\/p>\n","protected":false},"excerpt":{"rendered":"<p>&nbsp;<br \/>\nA series of online meetings and panels accompanying the exhibition in the Polish Pavilion at the 17th International Architecture Exhibition in Venice, the opening of&#8230;<\/p>\n","protected":false},"author":1,"featured_media":3196,"comment_status":"closed","ping_status":"closed","sticky":false,"template":"","format":"standard","meta":[],"categories":[63],"tags":[],"acf":[],"yoast_head":"<!-- This site is optimized with the Yoast SEO plugin v16.3 - https:\/\/yoast.com\/wordpress\/plugins\/seo\/ -->\n<meta name=\"robots\" content=\"index, follow, max-snippet:-1, max-image-preview:large, max-video-preview:-1\" \/>\n<link rel=\"canonical\" href=\"https:\/\/labiennale.art.pl\/en\/onlinemeetings\/\" \/>\n<meta property=\"og:locale\" content=\"en_US\" \/>\n<meta property=\"og:type\" content=\"article\" \/>\n<meta property=\"og:title\" content=\"Trouble in Paradise \u2013 online meetings - Pawilon Polski w Wenecji\" \/>\n<meta property=\"og:description\" content=\"&nbsp; A series of online meetings and panels accompanying the exhibition in the Polish Pavilion at the 17th International Architecture Exhibition in Venice, the opening of...\" \/>\n<meta property=\"og:url\" content=\"https:\/\/labiennale.art.pl\/en\/onlinemeetings\/\" \/>\n<meta property=\"og:site_name\" content=\"Pawilon Polski w Wenecji\" \/>\n<meta property=\"article:published_time\" content=\"2020-05-18T18:53:09+00:00\" \/>\n<meta property=\"article:modified_time\" content=\"2022-01-17T18:40:55+00:00\" \/>\n<meta property=\"og:image\" content=\"https:\/\/labiennale.art.pl\/wp-content\/uploads\/2020\/05\/sempolowska_identyfikacja_logotyplabiennale.art_.pl_1300x600_EN.png\" \/>\n\t<meta property=\"og:image:width\" content=\"1300\" \/>\n\t<meta property=\"og:image:height\" content=\"600\" \/>\n<meta name=\"twitter:card\" content=\"summary_large_image\" \/>\n<meta name=\"twitter:label1\" content=\"Est. reading time\">\n\t<meta name=\"twitter:data1\" content=\"5 minutes\">\n<script type=\"application\/ld+json\" class=\"yoast-schema-graph\">{\"@context\":\"https:\/\/schema.org\",\"@graph\":[{\"@type\":\"WebSite\",\"@id\":\"https:\/\/labiennale.art.pl\/#website\",\"url\":\"https:\/\/labiennale.art.pl\/\",\"name\":\"Pawilon Polski w Wenecji\",\"description\":\"W Mi\\u0119dzynarodowej Wystawie Sztuki \\u2014 La Biennale di Venezia Polska uczestniczy od 1932 roku, a w Mi\\u0119dzynarodowej Wystawie Architektury \\u2014 od roku 1991.\",\"potentialAction\":[{\"@type\":\"SearchAction\",\"target\":\"https:\/\/labiennale.art.pl\/?s={search_term_string}\",\"query-input\":\"required name=search_term_string\"}],\"inLanguage\":\"en-US\"},{\"@type\":\"ImageObject\",\"@id\":\"https:\/\/labiennale.art.pl\/en\/onlinemeetings\/#primaryimage\",\"inLanguage\":\"en-US\",\"url\":\"https:\/\/labiennale.art.pl\/wp-content\/uploads\/2020\/05\/sempolowska_identyfikacja_logotyplabiennale.art_.pl_1300x600_EN.png\",\"contentUrl\":\"https:\/\/labiennale.art.pl\/wp-content\/uploads\/2020\/05\/sempolowska_identyfikacja_logotyplabiennale.art_.pl_1300x600_EN.png\",\"width\":1300,\"height\":600},{\"@type\":\"WebPage\",\"@id\":\"https:\/\/labiennale.art.pl\/en\/onlinemeetings\/#webpage\",\"url\":\"https:\/\/labiennale.art.pl\/en\/onlinemeetings\/\",\"name\":\"Trouble in Paradise \\u2013 online meetings - Pawilon Polski w Wenecji\",\"isPartOf\":{\"@id\":\"https:\/\/labiennale.art.pl\/#website\"},\"primaryImageOfPage\":{\"@id\":\"https:\/\/labiennale.art.pl\/en\/onlinemeetings\/#primaryimage\"},\"datePublished\":\"2020-05-18T18:53:09+00:00\",\"dateModified\":\"2022-01-17T18:40:55+00:00\",\"author\":{\"@id\":\"https:\/\/labiennale.art.pl\/#\/schema\/person\/5226b660fd8a8ca4d628931e644c8fbd\"},\"breadcrumb\":{\"@id\":\"https:\/\/labiennale.art.pl\/en\/onlinemeetings\/#breadcrumb\"},\"inLanguage\":\"en-US\",\"potentialAction\":[{\"@type\":\"ReadAction\",\"target\":[\"https:\/\/labiennale.art.pl\/en\/onlinemeetings\/\"]}]},{\"@type\":\"BreadcrumbList\",\"@id\":\"https:\/\/labiennale.art.pl\/en\/onlinemeetings\/#breadcrumb\",\"itemListElement\":[{\"@type\":\"ListItem\",\"position\":1,\"item\":{\"@type\":\"WebPage\",\"@id\":\"https:\/\/labiennale.art.pl\/en\/\",\"url\":\"https:\/\/labiennale.art.pl\/en\/\",\"name\":\"Home\"}},{\"@type\":\"ListItem\",\"position\":2,\"item\":{\"@id\":\"https:\/\/labiennale.art.pl\/en\/onlinemeetings\/#webpage\"}}]},{\"@type\":\"Person\",\"@id\":\"https:\/\/labiennale.art.pl\/#\/schema\/person\/5226b660fd8a8ca4d628931e644c8fbd\",\"name\":\"admin\",\"image\":{\"@type\":\"ImageObject\",\"@id\":\"https:\/\/labiennale.art.pl\/#personlogo\",\"inLanguage\":\"en-US\",\"url\":\"https:\/\/secure.gravatar.com\/avatar\/a7e6c0d7b4fe4fb37f73b619f5f633ad?s=96&d=mm&r=g\",\"contentUrl\":\"https:\/\/secure.gravatar.com\/avatar\/a7e6c0d7b4fe4fb37f73b619f5f633ad?s=96&d=mm&r=g\",\"caption\":\"admin\"},\"url\":\"https:\/\/labiennale.art.pl\/en\/author\/admin\/\"}]}<\/script>\n<!-- \/ Yoast SEO plugin. -->","_links":{"self":[{"href":"https:\/\/labiennale.art.pl\/en\/wp-json\/wp\/v2\/posts\/3194"}],"collection":[{"href":"https:\/\/labiennale.art.pl\/en\/wp-json\/wp\/v2\/posts"}],"about":[{"href":"https:\/\/labiennale.art.pl\/en\/wp-json\/wp\/v2\/types\/post"}],"author":[{"embeddable":true,"href":"https:\/\/labiennale.art.pl\/en\/wp-json\/wp\/v2\/users\/1"}],"replies":[{"embeddable":true,"href":"https:\/\/labiennale.art.pl\/en\/wp-json\/wp\/v2\/comments?post=3194"}],"version-history":[{"count":8,"href":"https:\/\/labiennale.art.pl\/en\/wp-json\/wp\/v2\/posts\/3194\/revisions"}],"predecessor-version":[{"id":4202,"href":"https:\/\/labiennale.art.pl\/en\/wp-json\/wp\/v2\/posts\/3194\/revisions\/4202"}],"wp:featuredmedia":[{"embeddable":true,"href":"https:\/\/labiennale.art.pl\/en\/wp-json\/wp\/v2\/media\/3196"}],"wp:attachment":[{"href":"https:\/\/labiennale.art.pl\/en\/wp-json\/wp\/v2\/media?parent=3194"}],"wp:term":[{"taxonomy":"category","embeddable":true,"href":"https:\/\/labiennale.art.pl\/en\/wp-json\/wp\/v2\/categories?post=3194"},{"taxonomy":"post_tag","embeddable":true,"href":"https:\/\/labiennale.art.pl\/en\/wp-json\/wp\/v2\/tags?post=3194"}],"curies":[{"name":"wp","href":"https:\/\/api.w.org\/{rel}","templated":true}]}}